{"id":102,"date":"2022-10-21T00:00:00","date_gmt":"2022-10-21T00:00:00","guid":{"rendered":"https:\/\/nilin.org.pl\/innovation-network-czas-start-siec-innowatorow-nil-in\/"},"modified":"2025-05-12T21:26:41","modified_gmt":"2025-05-12T21:26:41","slug":"innovation-network-czas-start-siec-innowatorow-nil-in","status":"publish","type":"post","link":"https:\/\/nilin.org.pl\/en\/innovation-network-czas-start-siec-innowatorow-nil-in\/","title":{"rendered":"Innovation Network czas start. Sie\u0107 innowator\u00f3w NIL IN"},"content":{"rendered":"<p>\u201eNIL IN \u2013 Spo\u0142eczno\u015b\u0107 Lekarzy Innowator\u00f3w\u201d \u2013 relacja rzecznik prasowej Naczelnej Izby Lekarskiej Renaty Jezi\u00f3\u0142kowskiej z konferencji inauguruj\u0105cej nowy projekt NIL.<\/p>\n<p>Foto: Alicja Szczypczyk\/NIL<\/p>\n<p>Podczas konferencji, kt\u00f3ra odby\u0142a si\u0119 19 pa\u017adziernika, przedstawione zosta\u0142y za\u0142o\u017cenia \u201eNIL IN\u201d.<\/p>\n<p>\u2013 To ma by\u0107 sie\u0107 \u0142\u0105cz\u0105ca tych wszystkich lekarzy: pasjonat\u00f3w, innowator\u00f3w, lekarzy zainteresowanych, i si\u0142\u0119 samorz\u0105du, kt\u00f3ra ma pomaga\u0107, \u017ceby bariery wdro\u017ceniowe i legislacyjne przewalcza\u0107 \u2013 powiedzia\u0142 na otwarciu wydarzenia prezes Naczelnej Rady Lekarskiej \u0141ukasz Jankowski. Samorz\u0105d lekarski podkre\u015bla, \u017ce izba ma by\u0107 swego rodzaju hubem dla innowacji medycznych.<\/p>\n<p>\u2013 Lekarze staj\u0105 przed du\u017cym wyzwaniem, nie m\u00f3wi\u0119 tu o ca\u0142ym systemie, ale tym centralnym punkcie, jakim jest lekarz. Nie wszyscy b\u0119d\u0105 innowatorami, bo te\u017c nie o to nam chodzi. Chodzi o to, \u017ce wyselekcjonujemy grup\u0119 pionier\u00f3w, kt\u00f3rych faktycznie poch\u0142ania wiedza, zaanga\u017cowanie w tworzenie nowych projekt\u00f3w, nowych start-up\u00f3w, innowacji, kt\u00f3re usprawni\u0105 nasz\u0105 prac\u0119 lekarsk\u0105 albo usprawni\u0105 opiek\u0119 nad pacjentem \u2013 m\u00f3wi\u0142 Artur Drobniak, dyrektor Centralnego O\u015brodka Bada\u0144, Innowacji i Kszta\u0142cenia Naczelnej Izby Lekarskiej (COBIK NIL).<\/p>\n<h2>Lekarz przysz\u0142o\u015bci<\/h2>\n<p>Na konferencji zaprezentowane zosta\u0142y wyniki badania \u201eLekarz przysz\u0142o\u015bci\u201d przeprowadzonego we wsp\u00f3\u0142pracy Instytutu Zarz\u0105dzania w Ochronie Zdrowia Uczelni \u0141azarskiego z Naczeln\u0105 Izb\u0105 Lekarsk\u0105. Jak wyobra\u017casz sobie lekarza przysz\u0142o\u015bci? \u2013 to jedno z pyta\u0144, kt\u00f3re pojawi\u0142o si\u0119 w badaniu ankietowym. Badanie zestawia tera\u017aniejszo\u015b\u0107, czyli obecne warunki pracy, z przysz\u0142o\u015bci\u0105, rozwi\u0105zaniami na przysz\u0142o\u015b\u0107 i oczekiwaniami medyk\u00f3w.<\/p>\n<p>Prawie 60 proc. lekarzy, kt\u00f3rzy wzi\u0119li udzia\u0142 w ankiecie, odpowiedzia\u0142o, \u017ce pracuje dla wi\u0119cej ni\u017c jednego pracodawcy, co \u015bwiadczy o powszechno\u015bci w zawodzie lekarza tzw. wielozatrudnienia. Lekarzy pracuj\u0105cych w takim w\u0142a\u015bnie trybie najcz\u0119\u015bciej dotyczy praca z pacjentem w szpitalu, przychodni, w\u0142asnym gabinecie, prywatnym centrum. 70 proc. lekarzy pracuje wi\u0119cej ni\u017c 40 godzin tygodniowo, ponad 20 proc. \u2013 powy\u017cej 60 godzin tygodniowo.<\/p>\n<p>Stres i biurokracja wskazywane by\u0142y przez respondent\u00f3w jako g\u0142\u00f3wne czynniki obni\u017caj\u0105ce satysfakcj\u0119. 80 proc. lekarzy nie ma mo\u017cliwo\u015bci sta\u0142ego monitorowania zdrowia pacjent\u00f3w. Coraz wi\u0119cej pacjent\u00f3w wybiera kontakt zdalny z lekarzem, prawie 60 proc. lekarzy korzysta z telemedycyny, kt\u00f3ra z regu\u0142y stanowi dodatek, a nie g\u0142\u00f3wne narz\u0119dzie. 70 proc. lekarzy uwa\u017ca, \u017ce technologie poprawi\u0105 jako\u015b\u0107 opieki.<\/p>\n<p>Eksperci w dyskusji panelowej zwracali uwag\u0119 na poszczeg\u00f3lne aspekty dotycz\u0105ce lekarza przysz\u0142o\u015bci, w tym perspektyw\u0119 pacjenta. Przedstawiane by\u0142y m.in. wymarzone wyobra\u017cenia o zawodzie, ze szczeg\u00f3lnym uwzgl\u0119dnieniem uwarunkowa\u0144 systemowych. Podkre\u015blano rol\u0119 przydatnych i nowoczesnych rozwi\u0105za\u0144 na r\u00f3\u017cnych etapach \u015bcie\u017cki lekarskiej.<\/p>\n<h2>Innowatorzy medyczni<\/h2>\n<p>Drugi panel dyskusyjny pierwszej cz\u0119\u015bci konferencji (dla przedstawicieli administracji, nauki i towarzystw medycznych) dotyczy\u0142 lekarzy innowator\u00f3w \u2013 do\u015bwiadcze\u0144 praktyk\u00f3w. Rozmawiano o tym, kim s\u0105 lekarze innowatorzy, czy rozwijaj\u0105ca si\u0119 technologia b\u0119dzie u\u0142atwieniem czy wyzwaniem w ich pracy zespo\u0142owej i indywidualnej, jakie powinni mie\u0107 kompetencje do budowania i wdra\u017cania rozwi\u0105za\u0144 w systemie ochrony zdrowia i jakiego potrzebuj\u0105 wsparcia.<\/p>\n<p>Druga cz\u0119\u015b\u0107 konferencji \u201ePolska jako hub innowacji medycznych\u201d (dla przedstawicieli biznesu, start-up\u00f3w medycznych i inwestor\u00f3w) r\u00f3wnie\u017c sk\u0142ada\u0142a si\u0119 z dw\u00f3ch blok\u00f3w dyskusyjnych. W panelu \u201eOd pomys\u0142u do pacjenta \u2013 \u201e\u015bcie\u017cka zdrowia\u201d wdra\u017cania innowacji medycznych\u201d szukano odpowiedzi na pytanie, czy polska ochrona zdrowia jest otwarta na innowacje. Rozwa\u017cano, kto powinien by\u0107 odpowiedzialny za ich wdra\u017canie, jak korzysta\u0107 z innowacyjnych rozwi\u0105za\u0144, gdzie szuka\u0107 przyk\u0142ad\u00f3w i inspiracji.<\/p>\n<p>Tw\u00f3rcy innowacyjnych rozwi\u0105za\u0144 przybli\u017cali, co sprawdza si\u0119 na rynku i radzili, od czego zacz\u0105\u0107 wdra\u017canie innowacji. W panelu \u201ePolska jako hub innowacji medycznych \u2013 jak wykorzysta\u0107 szans\u0119\u201d pojawia\u0142y si\u0119 w\u0105tki, jak zbudowany jest hub innowacji w Polsce oraz jak\u0105 rol\u0119 chce odgrywa\u0107 w naszym regionie, jak wykorzysta\u0107 synergi\u0119 pomi\u0119dzy r\u00f3\u017cnymi interesariuszami, jak wprowadza\u0107 innowacje w publicznej opiece, jak pozyskiwa\u0107 na nie fundusze.<\/p>\n<p>Renata Jezi\u00f3\u0142kowska<\/p>\n<p>Cz\u0119\u015b\u0107 I. \u201eLekarz przysz\u0142o\u015bci\u201d:<br \/>\n<iframe loading=\"lazy\" src=\"https:\/\/www.youtube.com\/embed\/6FsrtzKwDbM?start=558\" width=\"560\" height=\"315\" frameborder=\"0\" allowfullscreen=\"allowfullscreen\"><\/iframe><\/p>\n<p>Cz\u0119\u015b\u0107 II. \u201ePolska jako hub innowacji medycznych\u201d:<\/p>\n<p><iframe loading=\"lazy\" src=\"https:\/\/www.youtube.com\/embed\/3x5POC0RMJg?start=1123\" width=\"560\" height=\"315\" frameborder=\"0\" allowfullscreen=\"allowfullscreen\"><\/iframe><\/p>\n","protected":false},"excerpt":{"rendered":"<p>\u201eNIL IN \u2013 Spo\u0142eczno\u015b\u0107 Lekarzy Innowator\u00f3w\u201d \u2013 relacja rzecznik prasowej Naczelnej Izby Lekarskiej Renaty Jezi\u00f3\u0142kowskiej z konferencji inauguruj\u0105cej nowy projekt NIL. Foto: Alicja Szczypczyk\/NIL Podczas konferencji, kt\u00f3ra odby\u0142a si\u0119 19 pa\u017adziernika, przedstawione zosta\u0142y za\u0142o\u017cenia \u201eNIL IN\u201d. \u2013 To ma by\u0107 sie\u0107 \u0142\u0105cz\u0105ca tych wszystkich lekarzy: pasjonat\u00f3w, innowator\u00f3w, lekarzy zainteresowanych, i si\u0142\u0119 samorz\u0105du, kt\u00f3ra ma pomaga\u0107, [&hellip;]<\/p>\n","protected":false},"author":1,"featured_media":0,"comment_status":"closed","ping_status":"closed","sticky":false,"template":"","format":"standard","meta":{"_acf_changed":false,"footnotes":""},"categories":[],"tags":[],"class_list":["post-102","post","type-post","status-publish","format-standard","hentry"],"acf":[],"yoast_head":"<!-- This site is optimized with the Yoast SEO plugin v27.3 - https:\/\/yoast.com\/product\/yoast-seo-wordpress\/ -->\n<title>Innovation Network czas start. Sie\u0107 innowator\u00f3w NIL IN - Naczelna Izba Lekarska - NIL IN - Sie\u0107 Lekarzy Innowator\u00f3w<\/title>\n<meta name=\"robots\" content=\"index, follow, max-snippet:-1, max-image-preview:large, max-video-preview:-1\" \/>\n<link rel=\"canonical\" href=\"https:\/\/nilin.org.pl\/en\/innovation-network-czas-start-siec-innowatorow-nil-in\/\" \/>\n<meta property=\"og:locale\" content=\"en_US\" \/>\n<meta property=\"og:type\" content=\"article\" \/>\n<meta property=\"og:title\" content=\"Innovation Network czas start. Sie\u0107 innowator\u00f3w NIL IN - Naczelna Izba Lekarska - NIL IN - Sie\u0107 Lekarzy Innowator\u00f3w\" \/>\n<meta property=\"og:description\" content=\"\u201eNIL IN \u2013 Spo\u0142eczno\u015b\u0107 Lekarzy Innowator\u00f3w\u201d \u2013 relacja rzecznik prasowej Naczelnej Izby Lekarskiej Renaty Jezi\u00f3\u0142kowskiej z konferencji inauguruj\u0105cej nowy projekt NIL. Foto: Alicja Szczypczyk\/NIL Podczas konferencji, kt\u00f3ra odby\u0142a si\u0119 19 pa\u017adziernika, przedstawione zosta\u0142y za\u0142o\u017cenia \u201eNIL IN\u201d. \u2013 To ma by\u0107 sie\u0107 \u0142\u0105cz\u0105ca tych wszystkich lekarzy: pasjonat\u00f3w, innowator\u00f3w, lekarzy zainteresowanych, i si\u0142\u0119 samorz\u0105du, kt\u00f3ra ma pomaga\u0107, [&hellip;]\" \/>\n<meta property=\"og:url\" content=\"https:\/\/nilin.org.pl\/en\/innovation-network-czas-start-siec-innowatorow-nil-in\/\" \/>\n<meta property=\"og:site_name\" content=\"Naczelna Izba Lekarska - NIL IN - Sie\u0107 Lekarzy Innowator\u00f3w\" \/>\n<meta property=\"article:published_time\" content=\"2022-10-21T00:00:00+00:00\" \/>\n<meta property=\"article:modified_time\" content=\"2025-05-12T21:26:41+00:00\" \/>\n<meta name=\"author\" content=\"estinet\" \/>\n<meta name=\"twitter:card\" content=\"summary_large_image\" \/>\n<meta name=\"twitter:label1\" content=\"Written by\" \/>\n\t<meta name=\"twitter:data1\" content=\"estinet\" \/>\n\t<meta name=\"twitter:label2\" content=\"Est. reading time\" \/>\n\t<meta name=\"twitter:data2\" content=\"3 minutes\" \/>\n<script type=\"application\/ld+json\" class=\"yoast-schema-graph\">{\"@context\":\"https:\\\/\\\/schema.org\",\"@graph\":[{\"@type\":\"Article\",\"@id\":\"https:\\\/\\\/nilin.org.pl\\\/en\\\/innovation-network-czas-start-siec-innowatorow-nil-in\\\/#article\",\"isPartOf\":{\"@id\":\"https:\\\/\\\/nilin.org.pl\\\/en\\\/innovation-network-czas-start-siec-innowatorow-nil-in\\\/\"},\"author\":{\"name\":\"estinet\",\"@id\":\"https:\\\/\\\/nilin.org.pl\\\/en\\\/#\\\/schema\\\/person\\\/c9c473fb7907267a24779b6ef87e306c\"},\"headline\":\"Innovation Network czas start. Sie\u0107 innowator\u00f3w NIL IN\",\"datePublished\":\"2022-10-21T00:00:00+00:00\",\"dateModified\":\"2025-05-12T21:26:41+00:00\",\"mainEntityOfPage\":{\"@id\":\"https:\\\/\\\/nilin.org.pl\\\/en\\\/innovation-network-czas-start-siec-innowatorow-nil-in\\\/\"},\"wordCount\":685,\"inLanguage\":\"en-US\"},{\"@type\":\"WebPage\",\"@id\":\"https:\\\/\\\/nilin.org.pl\\\/en\\\/innovation-network-czas-start-siec-innowatorow-nil-in\\\/\",\"url\":\"https:\\\/\\\/nilin.org.pl\\\/en\\\/innovation-network-czas-start-siec-innowatorow-nil-in\\\/\",\"name\":\"Innovation Network czas start. Sie\u0107 innowator\u00f3w NIL IN - Naczelna Izba Lekarska - NIL IN - Sie\u0107 Lekarzy Innowator\u00f3w\",\"isPartOf\":{\"@id\":\"https:\\\/\\\/nilin.org.pl\\\/en\\\/#website\"},\"datePublished\":\"2022-10-21T00:00:00+00:00\",\"dateModified\":\"2025-05-12T21:26:41+00:00\",\"author\":{\"@id\":\"https:\\\/\\\/nilin.org.pl\\\/en\\\/#\\\/schema\\\/person\\\/c9c473fb7907267a24779b6ef87e306c\"},\"breadcrumb\":{\"@id\":\"https:\\\/\\\/nilin.org.pl\\\/en\\\/innovation-network-czas-start-siec-innowatorow-nil-in\\\/#breadcrumb\"},\"inLanguage\":\"en-US\",\"potentialAction\":[{\"@type\":\"ReadAction\",\"target\":[\"https:\\\/\\\/nilin.org.pl\\\/en\\\/innovation-network-czas-start-siec-innowatorow-nil-in\\\/\"]}]},{\"@type\":\"BreadcrumbList\",\"@id\":\"https:\\\/\\\/nilin.org.pl\\\/en\\\/innovation-network-czas-start-siec-innowatorow-nil-in\\\/#breadcrumb\",\"itemListElement\":[{\"@type\":\"ListItem\",\"position\":1,\"name\":\"Strona g\u0142\u00f3wna\",\"item\":\"https:\\\/\\\/nilin.org.pl\\\/en\\\/\"},{\"@type\":\"ListItem\",\"position\":2,\"name\":\"Innovation Network czas start. Sie\u0107 innowator\u00f3w NIL IN\"}]},{\"@type\":\"WebSite\",\"@id\":\"https:\\\/\\\/nilin.org.pl\\\/en\\\/#website\",\"url\":\"https:\\\/\\\/nilin.org.pl\\\/en\\\/\",\"name\":\"Naczelna Izba Lekarska - NIL IN - Sie\u0107 Lekarzy Innowator\u00f3w\",\"description\":\"\",\"potentialAction\":[{\"@type\":\"SearchAction\",\"target\":{\"@type\":\"EntryPoint\",\"urlTemplate\":\"https:\\\/\\\/nilin.org.pl\\\/en\\\/?s={search_term_string}\"},\"query-input\":{\"@type\":\"PropertyValueSpecification\",\"valueRequired\":true,\"valueName\":\"search_term_string\"}}],\"inLanguage\":\"en-US\"},{\"@type\":\"Person\",\"@id\":\"https:\\\/\\\/nilin.org.pl\\\/en\\\/#\\\/schema\\\/person\\\/c9c473fb7907267a24779b6ef87e306c\",\"name\":\"estinet\",\"image\":{\"@type\":\"ImageObject\",\"inLanguage\":\"en-US\",\"@id\":\"https:\\\/\\\/secure.gravatar.com\\\/avatar\\\/ac760f617455f0e84e4a2a11b14994d03178ae4f9f8af528a0159e8ce6dea562?s=96&d=mm&r=g\",\"url\":\"https:\\\/\\\/secure.gravatar.com\\\/avatar\\\/ac760f617455f0e84e4a2a11b14994d03178ae4f9f8af528a0159e8ce6dea562?s=96&d=mm&r=g\",\"contentUrl\":\"https:\\\/\\\/secure.gravatar.com\\\/avatar\\\/ac760f617455f0e84e4a2a11b14994d03178ae4f9f8af528a0159e8ce6dea562?s=96&d=mm&r=g\",\"caption\":\"estinet\"},\"sameAs\":[\"https:\\\/\\\/nilin.org.pl\"]}]}<\/script>\n<!-- \/ Yoast SEO plugin. -->","yoast_head_json":{"title":"Innovation Network czas start. Sie\u0107 innowator\u00f3w NIL IN - Naczelna Izba Lekarska - NIL IN - Sie\u0107 Lekarzy Innowator\u00f3w","robots":{"index":"index","follow":"follow","max-snippet":"max-snippet:-1","max-image-preview":"max-image-preview:large","max-video-preview":"max-video-preview:-1"},"canonical":"https:\/\/nilin.org.pl\/en\/innovation-network-czas-start-siec-innowatorow-nil-in\/","og_locale":"en_US","og_type":"article","og_title":"Innovation Network czas start. Sie\u0107 innowator\u00f3w NIL IN - Naczelna Izba Lekarska - NIL IN - Sie\u0107 Lekarzy Innowator\u00f3w","og_description":"\u201eNIL IN \u2013 Spo\u0142eczno\u015b\u0107 Lekarzy Innowator\u00f3w\u201d \u2013 relacja rzecznik prasowej Naczelnej Izby Lekarskiej Renaty Jezi\u00f3\u0142kowskiej z konferencji inauguruj\u0105cej nowy projekt NIL. Foto: Alicja Szczypczyk\/NIL Podczas konferencji, kt\u00f3ra odby\u0142a si\u0119 19 pa\u017adziernika, przedstawione zosta\u0142y za\u0142o\u017cenia \u201eNIL IN\u201d. \u2013 To ma by\u0107 sie\u0107 \u0142\u0105cz\u0105ca tych wszystkich lekarzy: pasjonat\u00f3w, innowator\u00f3w, lekarzy zainteresowanych, i si\u0142\u0119 samorz\u0105du, kt\u00f3ra ma pomaga\u0107, [&hellip;]","og_url":"https:\/\/nilin.org.pl\/en\/innovation-network-czas-start-siec-innowatorow-nil-in\/","og_site_name":"Naczelna Izba Lekarska - NIL IN - Sie\u0107 Lekarzy Innowator\u00f3w","article_published_time":"2022-10-21T00:00:00+00:00","article_modified_time":"2025-05-12T21:26:41+00:00","author":"estinet","twitter_card":"summary_large_image","twitter_misc":{"Written by":"estinet","Est. reading time":"3 minutes"},"schema":{"@context":"https:\/\/schema.org","@graph":[{"@type":"Article","@id":"https:\/\/nilin.org.pl\/en\/innovation-network-czas-start-siec-innowatorow-nil-in\/#article","isPartOf":{"@id":"https:\/\/nilin.org.pl\/en\/innovation-network-czas-start-siec-innowatorow-nil-in\/"},"author":{"name":"estinet","@id":"https:\/\/nilin.org.pl\/en\/#\/schema\/person\/c9c473fb7907267a24779b6ef87e306c"},"headline":"Innovation Network czas start. Sie\u0107 innowator\u00f3w NIL IN","datePublished":"2022-10-21T00:00:00+00:00","dateModified":"2025-05-12T21:26:41+00:00","mainEntityOfPage":{"@id":"https:\/\/nilin.org.pl\/en\/innovation-network-czas-start-siec-innowatorow-nil-in\/"},"wordCount":685,"inLanguage":"en-US"},{"@type":"WebPage","@id":"https:\/\/nilin.org.pl\/en\/innovation-network-czas-start-siec-innowatorow-nil-in\/","url":"https:\/\/nilin.org.pl\/en\/innovation-network-czas-start-siec-innowatorow-nil-in\/","name":"Innovation Network czas start. Sie\u0107 innowator\u00f3w NIL IN - Naczelna Izba Lekarska - NIL IN - Sie\u0107 Lekarzy Innowator\u00f3w","isPartOf":{"@id":"https:\/\/nilin.org.pl\/en\/#website"},"datePublished":"2022-10-21T00:00:00+00:00","dateModified":"2025-05-12T21:26:41+00:00","author":{"@id":"https:\/\/nilin.org.pl\/en\/#\/schema\/person\/c9c473fb7907267a24779b6ef87e306c"},"breadcrumb":{"@id":"https:\/\/nilin.org.pl\/en\/innovation-network-czas-start-siec-innowatorow-nil-in\/#breadcrumb"},"inLanguage":"en-US","potentialAction":[{"@type":"ReadAction","target":["https:\/\/nilin.org.pl\/en\/innovation-network-czas-start-siec-innowatorow-nil-in\/"]}]},{"@type":"BreadcrumbList","@id":"https:\/\/nilin.org.pl\/en\/innovation-network-czas-start-siec-innowatorow-nil-in\/#breadcrumb","itemListElement":[{"@type":"ListItem","position":1,"name":"Strona g\u0142\u00f3wna","item":"https:\/\/nilin.org.pl\/en\/"},{"@type":"ListItem","position":2,"name":"Innovation Network czas start. Sie\u0107 innowator\u00f3w NIL IN"}]},{"@type":"WebSite","@id":"https:\/\/nilin.org.pl\/en\/#website","url":"https:\/\/nilin.org.pl\/en\/","name":"Naczelna Izba Lekarska - NIL IN - Sie\u0107 Lekarzy Innowator\u00f3w","description":"","potentialAction":[{"@type":"SearchAction","target":{"@type":"EntryPoint","urlTemplate":"https:\/\/nilin.org.pl\/en\/?s={search_term_string}"},"query-input":{"@type":"PropertyValueSpecification","valueRequired":true,"valueName":"search_term_string"}}],"inLanguage":"en-US"},{"@type":"Person","@id":"https:\/\/nilin.org.pl\/en\/#\/schema\/person\/c9c473fb7907267a24779b6ef87e306c","name":"estinet","image":{"@type":"ImageObject","inLanguage":"en-US","@id":"https:\/\/secure.gravatar.com\/avatar\/ac760f617455f0e84e4a2a11b14994d03178ae4f9f8af528a0159e8ce6dea562?s=96&d=mm&r=g","url":"https:\/\/secure.gravatar.com\/avatar\/ac760f617455f0e84e4a2a11b14994d03178ae4f9f8af528a0159e8ce6dea562?s=96&d=mm&r=g","contentUrl":"https:\/\/secure.gravatar.com\/avatar\/ac760f617455f0e84e4a2a11b14994d03178ae4f9f8af528a0159e8ce6dea562?s=96&d=mm&r=g","caption":"estinet"},"sameAs":["https:\/\/nilin.org.pl"]}]}},"_links":{"self":[{"href":"https:\/\/nilin.org.pl\/en\/wp-json\/wp\/v2\/posts\/102","targetHints":{"allow":["GET"]}}],"collection":[{"href":"https:\/\/nilin.org.pl\/en\/wp-json\/wp\/v2\/posts"}],"about":[{"href":"https:\/\/nilin.org.pl\/en\/wp-json\/wp\/v2\/types\/post"}],"author":[{"embeddable":true,"href":"https:\/\/nilin.org.pl\/en\/wp-json\/wp\/v2\/users\/1"}],"replies":[{"embeddable":true,"href":"https:\/\/nilin.org.pl\/en\/wp-json\/wp\/v2\/comments?post=102"}],"version-history":[{"count":1,"href":"https:\/\/nilin.org.pl\/en\/wp-json\/wp\/v2\/posts\/102\/revisions"}],"predecessor-version":[{"id":458,"href":"https:\/\/nilin.org.pl\/en\/wp-json\/wp\/v2\/posts\/102\/revisions\/458"}],"wp:attachment":[{"href":"https:\/\/nilin.org.pl\/en\/wp-json\/wp\/v2\/media?parent=102"}],"wp:term":[{"taxonomy":"category","embeddable":true,"href":"https:\/\/nilin.org.pl\/en\/wp-json\/wp\/v2\/categories?post=102"},{"taxonomy":"post_tag","embeddable":true,"href":"https:\/\/nilin.org.pl\/en\/wp-json\/wp\/v2\/tags?post=102"}],"curies":[{"name":"wp","href":"https:\/\/api.w.org\/{rel}","templated":true}]}}