{"id":296,"date":"2024-12-12T00:00:00","date_gmt":"2024-12-12T00:00:00","guid":{"rendered":"https:\/\/nilin.org.pl\/nil-in-na-konferencji-perspektywy-e-zdrowia\/"},"modified":"2025-06-04T20:27:03","modified_gmt":"2025-06-04T20:27:03","slug":"nil-in-na-konferencji-perspektywy-e-zdrowia","status":"publish","type":"post","link":"https:\/\/nilin.org.pl\/en\/nil-in-na-konferencji-perspektywy-e-zdrowia\/","title":{"rendered":"NIL IN na konferencji &#8220;Perspektywy e-Zdrowia&#8221;"},"content":{"rendered":"\n<figure class=\"wp-block-image size-full\"><img loading=\"lazy\" decoding=\"async\" width=\"1024\" height=\"656\" src=\"https:\/\/nilin.org.pl\/wp-content\/uploads\/2024\/12\/1733932164833-1024x656-1.jpeg\" alt=\"\" class=\"wp-image-1344\"\/><\/figure>\n\n\n\n<p class=\"p1\">10 grudnia 2024 roku odby\u0142a si\u0119 Konferencja Perspektywy e-Zdrowia, po\u015bwi\u0119cona wyzwaniom cyfryzacji system\u00f3w ochrony zdrowia w dobie rosn\u0105cej liczby cyberzagro\u017ce\u0144.<\/p>\n\n\n\n<p class=\"p1\">Podczas debaty panelowej \u201eWyzwania ochrony zdrowia w kontek\u015bcie cyberzagro\u017ce\u0144\u201d <strong>prezes Okr\u0119gowa Izba Lekarska w Warszawie, Artur Drobniak PhD MD, Dyrektor Centralnego O\u015brodka Bada\u0144 Innowacji i Kszta\u0142cenia Naczelna Izba Lekarska oraz wsp\u00f3\u0142za\u0142o\u017cyciel NIL IN<\/strong> podzieli\u0142 si\u0119 swoim do\u015bwiadczeniem oraz rekomendacjami:<\/p>\n\n\n\n<p class=\"p1\"><em>Po pierwsze trzeba u\u015bwiadamia\u0107 dyrektor\u00f3w plac\u00f3wek medycznych i personel, co staramy si\u0119 regularnie robi\u0107 przez szkolenia Naczelna Izba Lekarska, kt\u00f3re organizujemy w O\u015brodku Bada\u0144 Innowacji i Kszta\u0142cenia, o roli cyberbezpiecze\u0144stwa i zagro\u017ceniach utraty danych wra\u017cliwych, za kt\u00f3re odpowiedzialno\u015b\u0107 ponosi r\u00f3wnie\u017c lekarz. Drug\u0105, nie mniej wa\u017cn\u0105, rzecz\u0105 s\u0105 szkolenia wdro\u017ceniowe. Szczeg\u00f3lnie apeluj\u0119 o to, aby przy bud\u017cetowaniu wprowadzania innowacyjnych rozwi\u0105za\u0144, kt\u00f3re zwi\u0105zane s\u0105 z ceberbezpiecze\u0144stwem, by\u0142y przewidziane protoko\u0142y wdra\u017cania pracownik\u00f3w zanim, te zmiany, zostan\u0105 wprowadzone w \u017cycie.<\/em><\/p>\n\n\n\n<p class=\"p1\">W dyskusji wzi\u0119li r\u00f3wnie\u017c udzia\u0142 :<\/p>\n\n\n\n<p class=\"p1\"><strong>dr Tomasz Jaruzelski<\/strong>, Dyrektor Pionu Eksploatacji System\u00f3w Teleinformatycznych Centrum e-Zdrowia<\/p>\n\n\n\n<p class=\"p1\"><strong>dr n. med. Tomasz Maciejewski<\/strong>, Dyrektor Instytut Matki i Dziecka oraz cz\u0142onek Rady NIL IN<\/p>\n\n\n\n<p class=\"p1\"><strong>Michal Dybowski,<\/strong> Prezes Healthcare Poland Foundation, Koordynator Koalicji Cyberbezpiecze\u0144stwo w ochronie zdrowia<\/p>\n\n\n\n<p class=\"p1\"><strong>dr hab. n. med. Pawe\u0142 Ptaszy\u0144ski<\/strong>, Zast\u0119pca Dyrektora ds. Medyczno-Organizacyjnych, Centralny Szpital Kliniczny i Instytut Stomatologii Uniwersytetu Medycznego. SPZOZ<\/p>\n\n\n\n<p class=\"p1\"><strong>S\u0142awomir Wasielewski,<\/strong> Cz\u0142onek Zarz\u0105du Zak\u0142ad Ubezpiecze\u0144 Spo\u0142ecznych Warszawa<\/p>\n\n\n\n<p>&nbsp;<\/p>\n\n\n\n<p class=\"p1\">Konferencj\u0119 zorganizowa\u0142o Centrum e-Zdrowia we wsp\u00f3\u0142pracy z Ministerstwo Zdrowia.<\/p>\n","protected":false},"excerpt":{"rendered":"<p>10 grudnia 2024 roku odby\u0142a si\u0119 Konferencja Perspektywy e-Zdrowia, po\u015bwi\u0119cona wyzwaniom cyfryzacji system\u00f3w ochrony zdrowia w dobie rosn\u0105cej liczby cyberzagro\u017ce\u0144. Podczas debaty panelowej \u201eWyzwania ochrony zdrowia w kontek\u015bcie cyberzagro\u017ce\u0144\u201d prezes Okr\u0119gowa Izba Lekarska w Warszawie, Artur Drobniak PhD MD, Dyrektor Centralnego O\u015brodka Bada\u0144 Innowacji i Kszta\u0142cenia Naczelna Izba Lekarska oraz wsp\u00f3\u0142za\u0142o\u017cyciel NIL IN podzieli\u0142 si\u0119 [&hellip;]<\/p>\n","protected":false},"author":1,"featured_media":1344,"comment_status":"closed","ping_status":"closed","sticky":false,"template":"","format":"standard","meta":{"_acf_changed":false,"footnotes":""},"categories":[13],"tags":[],"class_list":["post-296","post","type-post","status-publish","format-standard","has-post-thumbnail","hentry","category-aktualnosci"],"acf":[],"yoast_head":"<!-- This site is optimized with the Yoast SEO plugin v27.3 - https:\/\/yoast.com\/product\/yoast-seo-wordpress\/ -->\n<title>NIL IN na konferencji &quot;Perspektywy e-Zdrowia&quot; - Naczelna Izba Lekarska - NIL IN - Sie\u0107 Lekarzy Innowator\u00f3w<\/title>\n<meta name=\"robots\" content=\"index, follow, max-snippet:-1, max-image-preview:large, max-video-preview:-1\" \/>\n<link rel=\"canonical\" href=\"https:\/\/nilin.org.pl\/en\/nil-in-na-konferencji-perspektywy-e-zdrowia\/\" \/>\n<meta property=\"og:locale\" content=\"en_US\" \/>\n<meta property=\"og:type\" content=\"article\" \/>\n<meta property=\"og:title\" content=\"NIL IN na konferencji &quot;Perspektywy e-Zdrowia&quot; - Naczelna Izba Lekarska - NIL IN - Sie\u0107 Lekarzy Innowator\u00f3w\" \/>\n<meta property=\"og:description\" content=\"10 grudnia 2024 roku odby\u0142a si\u0119 Konferencja Perspektywy e-Zdrowia, po\u015bwi\u0119cona wyzwaniom cyfryzacji system\u00f3w ochrony zdrowia w dobie rosn\u0105cej liczby cyberzagro\u017ce\u0144. Podczas debaty panelowej \u201eWyzwania ochrony zdrowia w kontek\u015bcie cyberzagro\u017ce\u0144\u201d prezes Okr\u0119gowa Izba Lekarska w Warszawie, Artur Drobniak PhD MD, Dyrektor Centralnego O\u015brodka Bada\u0144 Innowacji i Kszta\u0142cenia Naczelna Izba Lekarska oraz wsp\u00f3\u0142za\u0142o\u017cyciel NIL IN podzieli\u0142 si\u0119 [&hellip;]\" \/>\n<meta property=\"og:url\" content=\"https:\/\/nilin.org.pl\/en\/nil-in-na-konferencji-perspektywy-e-zdrowia\/\" \/>\n<meta property=\"og:site_name\" content=\"Naczelna Izba Lekarska - NIL IN - Sie\u0107 Lekarzy Innowator\u00f3w\" \/>\n<meta property=\"article:published_time\" content=\"2024-12-12T00:00:00+00:00\" \/>\n<meta property=\"article:modified_time\" content=\"2025-06-04T20:27:03+00:00\" \/>\n<meta property=\"og:image\" content=\"https:\/\/nilin.org.pl\/wp-content\/uploads\/2024\/12\/1733932164833-1024x656-1.jpeg\" \/>\n\t<meta property=\"og:image:width\" content=\"1024\" \/>\n\t<meta property=\"og:image:height\" content=\"656\" \/>\n\t<meta property=\"og:image:type\" content=\"image\/jpeg\" \/>\n<meta name=\"author\" content=\"estinet\" \/>\n<meta name=\"twitter:card\" content=\"summary_large_image\" \/>\n<meta name=\"twitter:label1\" content=\"Written by\" \/>\n\t<meta name=\"twitter:data1\" content=\"estinet\" \/>\n\t<meta name=\"twitter:label2\" content=\"Est. reading time\" \/>\n\t<meta name=\"twitter:data2\" content=\"2 minutes\" \/>\n<script type=\"application\/ld+json\" class=\"yoast-schema-graph\">{\"@context\":\"https:\\\/\\\/schema.org\",\"@graph\":[{\"@type\":\"Article\",\"@id\":\"https:\\\/\\\/nilin.org.pl\\\/en\\\/nil-in-na-konferencji-perspektywy-e-zdrowia\\\/#article\",\"isPartOf\":{\"@id\":\"https:\\\/\\\/nilin.org.pl\\\/en\\\/nil-in-na-konferencji-perspektywy-e-zdrowia\\\/\"},\"author\":{\"name\":\"estinet\",\"@id\":\"https:\\\/\\\/nilin.org.pl\\\/en\\\/#\\\/schema\\\/person\\\/c9c473fb7907267a24779b6ef87e306c\"},\"headline\":\"NIL IN na konferencji &#8220;Perspektywy e-Zdrowia&#8221;\",\"datePublished\":\"2024-12-12T00:00:00+00:00\",\"dateModified\":\"2025-06-04T20:27:03+00:00\",\"mainEntityOfPage\":{\"@id\":\"https:\\\/\\\/nilin.org.pl\\\/en\\\/nil-in-na-konferencji-perspektywy-e-zdrowia\\\/\"},\"wordCount\":270,\"image\":{\"@id\":\"https:\\\/\\\/nilin.org.pl\\\/en\\\/nil-in-na-konferencji-perspektywy-e-zdrowia\\\/#primaryimage\"},\"thumbnailUrl\":\"https:\\\/\\\/nilin.org.pl\\\/wp-content\\\/uploads\\\/2024\\\/12\\\/1733932164833-1024x656-1.jpeg\",\"articleSection\":[\"Aktualno\u015bci\"],\"inLanguage\":\"en-US\"},{\"@type\":\"WebPage\",\"@id\":\"https:\\\/\\\/nilin.org.pl\\\/en\\\/nil-in-na-konferencji-perspektywy-e-zdrowia\\\/\",\"url\":\"https:\\\/\\\/nilin.org.pl\\\/en\\\/nil-in-na-konferencji-perspektywy-e-zdrowia\\\/\",\"name\":\"NIL IN na konferencji \\\"Perspektywy e-Zdrowia\\\" - Naczelna Izba Lekarska - NIL IN - Sie\u0107 Lekarzy Innowator\u00f3w\",\"isPartOf\":{\"@id\":\"https:\\\/\\\/nilin.org.pl\\\/en\\\/#website\"},\"primaryImageOfPage\":{\"@id\":\"https:\\\/\\\/nilin.org.pl\\\/en\\\/nil-in-na-konferencji-perspektywy-e-zdrowia\\\/#primaryimage\"},\"image\":{\"@id\":\"https:\\\/\\\/nilin.org.pl\\\/en\\\/nil-in-na-konferencji-perspektywy-e-zdrowia\\\/#primaryimage\"},\"thumbnailUrl\":\"https:\\\/\\\/nilin.org.pl\\\/wp-content\\\/uploads\\\/2024\\\/12\\\/1733932164833-1024x656-1.jpeg\",\"datePublished\":\"2024-12-12T00:00:00+00:00\",\"dateModified\":\"2025-06-04T20:27:03+00:00\",\"author\":{\"@id\":\"https:\\\/\\\/nilin.org.pl\\\/en\\\/#\\\/schema\\\/person\\\/c9c473fb7907267a24779b6ef87e306c\"},\"breadcrumb\":{\"@id\":\"https:\\\/\\\/nilin.org.pl\\\/en\\\/nil-in-na-konferencji-perspektywy-e-zdrowia\\\/#breadcrumb\"},\"inLanguage\":\"en-US\",\"potentialAction\":[{\"@type\":\"ReadAction\",\"target\":[\"https:\\\/\\\/nilin.org.pl\\\/en\\\/nil-in-na-konferencji-perspektywy-e-zdrowia\\\/\"]}]},{\"@type\":\"ImageObject\",\"inLanguage\":\"en-US\",\"@id\":\"https:\\\/\\\/nilin.org.pl\\\/en\\\/nil-in-na-konferencji-perspektywy-e-zdrowia\\\/#primaryimage\",\"url\":\"https:\\\/\\\/nilin.org.pl\\\/wp-content\\\/uploads\\\/2024\\\/12\\\/1733932164833-1024x656-1.jpeg\",\"contentUrl\":\"https:\\\/\\\/nilin.org.pl\\\/wp-content\\\/uploads\\\/2024\\\/12\\\/1733932164833-1024x656-1.jpeg\",\"width\":1024,\"height\":656},{\"@type\":\"BreadcrumbList\",\"@id\":\"https:\\\/\\\/nilin.org.pl\\\/en\\\/nil-in-na-konferencji-perspektywy-e-zdrowia\\\/#breadcrumb\",\"itemListElement\":[{\"@type\":\"ListItem\",\"position\":1,\"name\":\"Strona g\u0142\u00f3wna\",\"item\":\"https:\\\/\\\/nilin.org.pl\\\/en\\\/\"},{\"@type\":\"ListItem\",\"position\":2,\"name\":\"NIL IN na konferencji &#8222;Perspektywy e-Zdrowia&#8221;\"}]},{\"@type\":\"WebSite\",\"@id\":\"https:\\\/\\\/nilin.org.pl\\\/en\\\/#website\",\"url\":\"https:\\\/\\\/nilin.org.pl\\\/en\\\/\",\"name\":\"Naczelna Izba Lekarska - NIL IN - Sie\u0107 Lekarzy Innowator\u00f3w\",\"description\":\"\",\"potentialAction\":[{\"@type\":\"SearchAction\",\"target\":{\"@type\":\"EntryPoint\",\"urlTemplate\":\"https:\\\/\\\/nilin.org.pl\\\/en\\\/?s={search_term_string}\"},\"query-input\":{\"@type\":\"PropertyValueSpecification\",\"valueRequired\":true,\"valueName\":\"search_term_string\"}}],\"inLanguage\":\"en-US\"},{\"@type\":\"Person\",\"@id\":\"https:\\\/\\\/nilin.org.pl\\\/en\\\/#\\\/schema\\\/person\\\/c9c473fb7907267a24779b6ef87e306c\",\"name\":\"estinet\",\"image\":{\"@type\":\"ImageObject\",\"inLanguage\":\"en-US\",\"@id\":\"https:\\\/\\\/secure.gravatar.com\\\/avatar\\\/ac760f617455f0e84e4a2a11b14994d03178ae4f9f8af528a0159e8ce6dea562?s=96&d=mm&r=g\",\"url\":\"https:\\\/\\\/secure.gravatar.com\\\/avatar\\\/ac760f617455f0e84e4a2a11b14994d03178ae4f9f8af528a0159e8ce6dea562?s=96&d=mm&r=g\",\"contentUrl\":\"https:\\\/\\\/secure.gravatar.com\\\/avatar\\\/ac760f617455f0e84e4a2a11b14994d03178ae4f9f8af528a0159e8ce6dea562?s=96&d=mm&r=g\",\"caption\":\"estinet\"},\"sameAs\":[\"https:\\\/\\\/nilin.org.pl\"]}]}<\/script>\n<!-- \/ Yoast SEO plugin. -->","yoast_head_json":{"title":"NIL IN na konferencji \"Perspektywy e-Zdrowia\" - Naczelna Izba Lekarska - NIL IN - Sie\u0107 Lekarzy Innowator\u00f3w","robots":{"index":"index","follow":"follow","max-snippet":"max-snippet:-1","max-image-preview":"max-image-preview:large","max-video-preview":"max-video-preview:-1"},"canonical":"https:\/\/nilin.org.pl\/en\/nil-in-na-konferencji-perspektywy-e-zdrowia\/","og_locale":"en_US","og_type":"article","og_title":"NIL IN na konferencji \"Perspektywy e-Zdrowia\" - Naczelna Izba Lekarska - NIL IN - Sie\u0107 Lekarzy Innowator\u00f3w","og_description":"10 grudnia 2024 roku odby\u0142a si\u0119 Konferencja Perspektywy e-Zdrowia, po\u015bwi\u0119cona wyzwaniom cyfryzacji system\u00f3w ochrony zdrowia w dobie rosn\u0105cej liczby cyberzagro\u017ce\u0144. Podczas debaty panelowej \u201eWyzwania ochrony zdrowia w kontek\u015bcie cyberzagro\u017ce\u0144\u201d prezes Okr\u0119gowa Izba Lekarska w Warszawie, Artur Drobniak PhD MD, Dyrektor Centralnego O\u015brodka Bada\u0144 Innowacji i Kszta\u0142cenia Naczelna Izba Lekarska oraz wsp\u00f3\u0142za\u0142o\u017cyciel NIL IN podzieli\u0142 si\u0119 [&hellip;]","og_url":"https:\/\/nilin.org.pl\/en\/nil-in-na-konferencji-perspektywy-e-zdrowia\/","og_site_name":"Naczelna Izba Lekarska - NIL IN - Sie\u0107 Lekarzy Innowator\u00f3w","article_published_time":"2024-12-12T00:00:00+00:00","article_modified_time":"2025-06-04T20:27:03+00:00","og_image":[{"width":1024,"height":656,"url":"https:\/\/nilin.org.pl\/wp-content\/uploads\/2024\/12\/1733932164833-1024x656-1.jpeg","type":"image\/jpeg"}],"author":"estinet","twitter_card":"summary_large_image","twitter_misc":{"Written by":"estinet","Est. reading time":"2 minutes"},"schema":{"@context":"https:\/\/schema.org","@graph":[{"@type":"Article","@id":"https:\/\/nilin.org.pl\/en\/nil-in-na-konferencji-perspektywy-e-zdrowia\/#article","isPartOf":{"@id":"https:\/\/nilin.org.pl\/en\/nil-in-na-konferencji-perspektywy-e-zdrowia\/"},"author":{"name":"estinet","@id":"https:\/\/nilin.org.pl\/en\/#\/schema\/person\/c9c473fb7907267a24779b6ef87e306c"},"headline":"NIL IN na konferencji &#8220;Perspektywy e-Zdrowia&#8221;","datePublished":"2024-12-12T00:00:00+00:00","dateModified":"2025-06-04T20:27:03+00:00","mainEntityOfPage":{"@id":"https:\/\/nilin.org.pl\/en\/nil-in-na-konferencji-perspektywy-e-zdrowia\/"},"wordCount":270,"image":{"@id":"https:\/\/nilin.org.pl\/en\/nil-in-na-konferencji-perspektywy-e-zdrowia\/#primaryimage"},"thumbnailUrl":"https:\/\/nilin.org.pl\/wp-content\/uploads\/2024\/12\/1733932164833-1024x656-1.jpeg","articleSection":["Aktualno\u015bci"],"inLanguage":"en-US"},{"@type":"WebPage","@id":"https:\/\/nilin.org.pl\/en\/nil-in-na-konferencji-perspektywy-e-zdrowia\/","url":"https:\/\/nilin.org.pl\/en\/nil-in-na-konferencji-perspektywy-e-zdrowia\/","name":"NIL IN na konferencji \"Perspektywy e-Zdrowia\" - Naczelna Izba Lekarska - NIL IN - Sie\u0107 Lekarzy Innowator\u00f3w","isPartOf":{"@id":"https:\/\/nilin.org.pl\/en\/#website"},"primaryImageOfPage":{"@id":"https:\/\/nilin.org.pl\/en\/nil-in-na-konferencji-perspektywy-e-zdrowia\/#primaryimage"},"image":{"@id":"https:\/\/nilin.org.pl\/en\/nil-in-na-konferencji-perspektywy-e-zdrowia\/#primaryimage"},"thumbnailUrl":"https:\/\/nilin.org.pl\/wp-content\/uploads\/2024\/12\/1733932164833-1024x656-1.jpeg","datePublished":"2024-12-12T00:00:00+00:00","dateModified":"2025-06-04T20:27:03+00:00","author":{"@id":"https:\/\/nilin.org.pl\/en\/#\/schema\/person\/c9c473fb7907267a24779b6ef87e306c"},"breadcrumb":{"@id":"https:\/\/nilin.org.pl\/en\/nil-in-na-konferencji-perspektywy-e-zdrowia\/#breadcrumb"},"inLanguage":"en-US","potentialAction":[{"@type":"ReadAction","target":["https:\/\/nilin.org.pl\/en\/nil-in-na-konferencji-perspektywy-e-zdrowia\/"]}]},{"@type":"ImageObject","inLanguage":"en-US","@id":"https:\/\/nilin.org.pl\/en\/nil-in-na-konferencji-perspektywy-e-zdrowia\/#primaryimage","url":"https:\/\/nilin.org.pl\/wp-content\/uploads\/2024\/12\/1733932164833-1024x656-1.jpeg","contentUrl":"https:\/\/nilin.org.pl\/wp-content\/uploads\/2024\/12\/1733932164833-1024x656-1.jpeg","width":1024,"height":656},{"@type":"BreadcrumbList","@id":"https:\/\/nilin.org.pl\/en\/nil-in-na-konferencji-perspektywy-e-zdrowia\/#breadcrumb","itemListElement":[{"@type":"ListItem","position":1,"name":"Strona g\u0142\u00f3wna","item":"https:\/\/nilin.org.pl\/en\/"},{"@type":"ListItem","position":2,"name":"NIL IN na konferencji &#8222;Perspektywy e-Zdrowia&#8221;"}]},{"@type":"WebSite","@id":"https:\/\/nilin.org.pl\/en\/#website","url":"https:\/\/nilin.org.pl\/en\/","name":"Naczelna Izba Lekarska - NIL IN - Sie\u0107 Lekarzy Innowator\u00f3w","description":"","potentialAction":[{"@type":"SearchAction","target":{"@type":"EntryPoint","urlTemplate":"https:\/\/nilin.org.pl\/en\/?s={search_term_string}"},"query-input":{"@type":"PropertyValueSpecification","valueRequired":true,"valueName":"search_term_string"}}],"inLanguage":"en-US"},{"@type":"Person","@id":"https:\/\/nilin.org.pl\/en\/#\/schema\/person\/c9c473fb7907267a24779b6ef87e306c","name":"estinet","image":{"@type":"ImageObject","inLanguage":"en-US","@id":"https:\/\/secure.gravatar.com\/avatar\/ac760f617455f0e84e4a2a11b14994d03178ae4f9f8af528a0159e8ce6dea562?s=96&d=mm&r=g","url":"https:\/\/secure.gravatar.com\/avatar\/ac760f617455f0e84e4a2a11b14994d03178ae4f9f8af528a0159e8ce6dea562?s=96&d=mm&r=g","contentUrl":"https:\/\/secure.gravatar.com\/avatar\/ac760f617455f0e84e4a2a11b14994d03178ae4f9f8af528a0159e8ce6dea562?s=96&d=mm&r=g","caption":"estinet"},"sameAs":["https:\/\/nilin.org.pl"]}]}},"_links":{"self":[{"href":"https:\/\/nilin.org.pl\/en\/wp-json\/wp\/v2\/posts\/296","targetHints":{"allow":["GET"]}}],"collection":[{"href":"https:\/\/nilin.org.pl\/en\/wp-json\/wp\/v2\/posts"}],"about":[{"href":"https:\/\/nilin.org.pl\/en\/wp-json\/wp\/v2\/types\/post"}],"author":[{"embeddable":true,"href":"https:\/\/nilin.org.pl\/en\/wp-json\/wp\/v2\/users\/1"}],"replies":[{"embeddable":true,"href":"https:\/\/nilin.org.pl\/en\/wp-json\/wp\/v2\/comments?post=296"}],"version-history":[{"count":2,"href":"https:\/\/nilin.org.pl\/en\/wp-json\/wp\/v2\/posts\/296\/revisions"}],"predecessor-version":[{"id":1347,"href":"https:\/\/nilin.org.pl\/en\/wp-json\/wp\/v2\/posts\/296\/revisions\/1347"}],"wp:featuredmedia":[{"embeddable":true,"href":"https:\/\/nilin.org.pl\/en\/wp-json\/wp\/v2\/media\/1344"}],"wp:attachment":[{"href":"https:\/\/nilin.org.pl\/en\/wp-json\/wp\/v2\/media?parent=296"}],"wp:term":[{"taxonomy":"category","embeddable":true,"href":"https:\/\/nilin.org.pl\/en\/wp-json\/wp\/v2\/categories?post=296"},{"taxonomy":"post_tag","embeddable":true,"href":"https:\/\/nilin.org.pl\/en\/wp-json\/wp\/v2\/tags?post=296"}],"curies":[{"name":"wp","href":"https:\/\/api.w.org\/{rel}","templated":true}]}}